{"id":12159,"date":"2026-01-04T11:21:48","date_gmt":"2026-01-04T10:21:48","guid":{"rendered":"https:\/\/www.weingut-isler.de\/?p=12159"},"modified":"2026-01-04T11:24:37","modified_gmt":"2026-01-04T10:24:37","slug":"januar-2026-merlot-trocken","status":"publish","type":"post","link":"https:\/\/www.weingut-isler.de\/?p=12159","title":{"rendered":"JANUAR 2026 &#8211; Merlot &#8211; trocken"},"content":{"rendered":"\t\t<div data-elementor-type=\"wp-post\" data-elementor-id=\"12159\" class=\"elementor elementor-12159\" data-elementor-post-type=\"post\">\n\t\t\t\t\t\t<section class=\"elementor-section elementor-top-section elementor-element elementor-element-3d779b3 elementor-section-boxed elementor-section-height-default elementor-section-height-default\" data-id=\"3d779b3\" data-element_type=\"section\" data-e-type=\"section\">\n\t\t\t\t\t\t<div class=\"elementor-container elementor-column-gap-default\">\n\t\t\t\t\t<div class=\"elementor-column elementor-col-33 elementor-top-column elementor-element elementor-element-9e9902f\" data-id=\"9e9902f\" data-element_type=\"column\" data-e-type=\"column\">\n\t\t\t<div class=\"elementor-widget-wrap elementor-element-populated\">\n\t\t\t\t\t\t<div class=\"elementor-element elementor-element-3c7cb53 elementor-widget elementor-widget-theme-post-featured-image elementor-widget-image\" data-id=\"3c7cb53\" data-element_type=\"widget\" data-e-type=\"widget\" data-widget_type=\"theme-post-featured-image.default\">\n\t\t\t\t<div class=\"elementor-widget-container\">\n\t\t\t\t\t\t\t\t\t\t\t\t\t\t\t<img fetchpriority=\"high\" decoding=\"async\" width=\"480\" height=\"640\" src=\"https:\/\/www.weingut-isler.de\/wp-content\/uploads\/2026\/01\/43.jpg\" class=\"attachment-large size-large wp-image-12160\" alt=\"\" srcset=\"https:\/\/www.weingut-isler.de\/wp-content\/uploads\/2026\/01\/43.jpg 480w, https:\/\/www.weingut-isler.de\/wp-content\/uploads\/2026\/01\/43-225x300.jpg 225w, https:\/\/www.weingut-isler.de\/wp-content\/uploads\/2026\/01\/43-416x555.jpg 416w\" sizes=\"(max-width: 480px) 100vw, 480px\" \/>\t\t\t\t\t\t\t\t\t\t\t\t\t\t\t<\/div>\n\t\t\t\t<\/div>\n\t\t\t\t\t<\/div>\n\t\t<\/div>\n\t\t\t\t<div class=\"elementor-column elementor-col-66 elementor-top-column elementor-element elementor-element-e6580a8\" data-id=\"e6580a8\" data-element_type=\"column\" data-e-type=\"column\">\n\t\t\t<div class=\"elementor-widget-wrap elementor-element-populated\">\n\t\t\t\t\t\t<div class=\"elementor-element elementor-element-0093a5b elementor-widget__width-initial elementor-widget elementor-widget-text-editor\" data-id=\"0093a5b\" data-element_type=\"widget\" data-e-type=\"widget\" data-widget_type=\"text-editor.default\">\n\t\t\t\t<div class=\"elementor-widget-container\">\n\t\t\t\t\t\t\t\t\t<p>Eleganter Merlot im Edelstahlfass ausgebaut.&nbsp;<\/p>\n<p>Fruchtbetont und klar mit Aromen von reifen Kirschen, roten Beeren und einem Hauch Pflaume. <br>Am Gaumen weich, saftig und harmonisch mit milder S\u00e4ure und feinen Tanninen. <br>Frisch, unkompliziert und vielseitig einsetzbar.&nbsp;<\/p>\n<div><span style=\"color: var( --e-global-color-text ); font-family: var( --e-global-typography-text-font-family ), Sans-serif; font-weight: var( --e-global-typography-text-font-weight );\"><b>Alkoholgehalt (% Vol.):<\/b><\/span> <span style=\"color: var( --e-global-color-text ); font-family: var( --e-global-typography-text-font-family ), Sans-serif;\"><span style=\"font-weight: var( --e-global-typography-text-font-weight );\">13,0<\/span><\/span><\/div>\n<p><b style=\"color: var( --e-global-color-text ); font-family: var( --e-global-typography-text-font-family ), Sans-serif;\">Rests\u00fc\u00dfe in (g\/l):<\/b><span style=\"color: var( --e-global-color-text ); font-family: var( --e-global-typography-text-font-family ), Sans-serif;\"><span style=\"font-weight: var( --e-global-typography-text-font-weight );\">&nbsp;6,5<\/span><br><\/span><span style=\"color: var( --e-global-color-text ); font-family: var( --e-global-typography-text-font-family ), Sans-serif; font-weight: var( --e-global-typography-text-font-weight );\"><b>S\u00e4ure (g\/l):<\/b><\/span><span style=\"color: var( --e-global-color-text ); font-family: var( --e-global-typography-text-font-family ), Sans-serif;\"><span style=\"font-weight: var( --e-global-typography-text-font-weight );\">&nbsp;4,9<\/span><br><\/span><span style=\"color: var( --e-global-color-text ); font-family: var( --e-global-typography-text-font-family ), Sans-serif; font-weight: var( --e-global-typography-text-font-weight );\"><b>Jahrgang:<\/b><\/span> <span style=\"color: var( --e-global-color-text ); font-family: var( --e-global-typography-text-font-family ), Sans-serif; font-weight: var( --e-global-typography-text-font-weight );\">2023<br><\/span><span style=\"font-weight: 700;\">Lage:<\/span>&nbsp;Diedesfelder Rebst\u00f6ckel<span style=\"color: var( --e-global-color-text ); font-family: var( --e-global-typography-text-font-family ), Sans-serif; font-weight: var( --e-global-typography-text-font-weight );\"><br><\/span><span style=\"font-weight: bold;\">Sensorik:<\/span>&nbsp;vollmundig-w\u00fcrzig<br><span style=\"font-weight: bold;\">Speiseempfehlung:<\/span>&nbsp;zur Pizza, Antipasti, Steak<b style=\"color: var( --e-global-color-text ); font-family: var( --e-global-typography-text-font-family ), Sans-serif;\"><br>Trinktemperatur (\u00b0C):<\/b><span style=\"color: var( --e-global-color-text ); font-family: var( --e-global-typography-text-font-family ), Sans-serif; font-weight: var( --e-global-typography-text-font-weight );\">&nbsp;13 &#8211; 15&nbsp;<\/span><\/p>\t\t\t\t\t\t\t\t<\/div>\n\t\t\t\t<\/div>\n\t\t\t\t\t<\/div>\n\t\t<\/div>\n\t\t\t\t\t<\/div>\n\t\t<\/section>\n\t\t\t\t<\/div>\n\t\t","protected":false},"excerpt":{"rendered":"<p>Eleganter Merlot im Edelstahlfass ausgebaut.&nbsp; Fruchtbetont und klar mit Aromen von reifen Kirschen, roten Beeren und einem Hauch Pflaume. Am Gaumen weich, saftig und harmonisch mit milder S\u00e4ure und feinen Tanninen. Frisch, unkompliziert und vielseitig einsetzbar.&nbsp; Alkoholgehalt (% Vol.): 13,0 Rests\u00fc\u00dfe in (g\/l):&nbsp;6,5S\u00e4ure (g\/l):&nbsp;4,9Jahrgang: 2023Lage:&nbsp;Diedesfelder Rebst\u00f6ckelSensorik:&nbsp;vollmundig-w\u00fcrzigSpeiseempfehlung:&nbsp;zur Pizza, Antipasti, SteakTrinktemperatur (\u00b0C):&nbsp;13 &#8211; 15&nbsp;<\/p>\n","protected":false},"author":4,"featured_media":12160,"comment_status":"open","ping_status":"open","sticky":false,"template":"","format":"standard","meta":{"footnotes":""},"categories":[5],"tags":[],"class_list":["post-12159","post","type-post","status-publish","format-standard","has-post-thumbnail","hentry","category-wein-des-monats"],"_links":{"self":[{"href":"https:\/\/www.weingut-isler.de\/index.php?rest_route=\/wp\/v2\/posts\/12159","targetHints":{"allow":["GET"]}}],"collection":[{"href":"https:\/\/www.weingut-isler.de\/index.php?rest_route=\/wp\/v2\/posts"}],"about":[{"href":"https:\/\/www.weingut-isler.de\/index.php?rest_route=\/wp\/v2\/types\/post"}],"author":[{"embeddable":true,"href":"https:\/\/www.weingut-isler.de\/index.php?rest_route=\/wp\/v2\/users\/4"}],"replies":[{"embeddable":true,"href":"https:\/\/www.weingut-isler.de\/index.php?rest_route=%2Fwp%2Fv2%2Fcomments&post=12159"}],"version-history":[{"count":4,"href":"https:\/\/www.weingut-isler.de\/index.php?rest_route=\/wp\/v2\/posts\/12159\/revisions"}],"predecessor-version":[{"id":12165,"href":"https:\/\/www.weingut-isler.de\/index.php?rest_route=\/wp\/v2\/posts\/12159\/revisions\/12165"}],"wp:featuredmedia":[{"embeddable":true,"href":"https:\/\/www.weingut-isler.de\/index.php?rest_route=\/wp\/v2\/media\/12160"}],"wp:attachment":[{"href":"https:\/\/www.weingut-isler.de\/index.php?rest_route=%2Fwp%2Fv2%2Fmedia&parent=12159"}],"wp:term":[{"taxonomy":"category","embeddable":true,"href":"https:\/\/www.weingut-isler.de\/index.php?rest_route=%2Fwp%2Fv2%2Fcategories&post=12159"},{"taxonomy":"post_tag","embeddable":true,"href":"https:\/\/www.weingut-isler.de\/index.php?rest_route=%2Fwp%2Fv2%2Ftags&post=12159"}],"curies":[{"name":"wp","href":"https:\/\/api.w.org\/{rel}","templated":true}]}}