{"id":13242,"date":"2026-09-04T18:17:07","date_gmt":"2026-09-04T16:17:07","guid":{"rendered":"https:\/\/www.weingut-isler.de\/?p=13242"},"modified":"2026-09-04T18:22:40","modified_gmt":"2026-09-04T16:22:40","slug":"september-2026-weisser-burgunder-trocken","status":"publish","type":"post","link":"https:\/\/www.weingut-isler.de\/?p=13242","title":{"rendered":"SEPTEMBER 2026 &#8211; Wei\u00dfer Burgunder &#8211; Kabinett trocken"},"content":{"rendered":"\t\t<div data-elementor-type=\"wp-post\" data-elementor-id=\"13242\" class=\"elementor elementor-13242\" data-elementor-post-type=\"post\">\n\t\t\t\t\t\t<section class=\"elementor-section elementor-top-section elementor-element elementor-element-20bff87 elementor-section-boxed elementor-section-height-default elementor-section-height-default\" data-id=\"20bff87\" data-element_type=\"section\" data-e-type=\"section\">\n\t\t\t\t\t\t<div class=\"elementor-container elementor-column-gap-default\">\n\t\t\t\t\t<div class=\"elementor-column elementor-col-33 elementor-top-column elementor-element elementor-element-569697a\" data-id=\"569697a\" data-element_type=\"column\" data-e-type=\"column\">\n\t\t\t<div class=\"elementor-widget-wrap elementor-element-populated\">\n\t\t\t\t\t\t<div class=\"elementor-element elementor-element-4ee08cd elementor-widget elementor-widget-theme-post-featured-image elementor-widget-image\" data-id=\"4ee08cd\" data-element_type=\"widget\" data-e-type=\"widget\" data-widget_type=\"theme-post-featured-image.default\">\n\t\t\t\t<div class=\"elementor-widget-container\">\n\t\t\t\t\t\t\t\t\t\t\t\t\t\t\t<img fetchpriority=\"high\" decoding=\"async\" width=\"768\" height=\"1024\" src=\"https:\/\/www.weingut-isler.de\/wp-content\/uploads\/2026\/09\/13-768x1024-1.jpg\" class=\"attachment-large size-large wp-image-13243\" alt=\"\" srcset=\"https:\/\/www.weingut-isler.de\/wp-content\/uploads\/2026\/09\/13-768x1024-1.jpg 768w, https:\/\/www.weingut-isler.de\/wp-content\/uploads\/2026\/09\/13-225x300.jpg 225w, https:\/\/www.weingut-isler.de\/wp-content\/uploads\/2026\/09\/13-416x554.jpg 416w, https:\/\/www.weingut-isler.de\/wp-content\/uploads\/2026\/09\/13-1152x1536.jpg 1152w, https:\/\/www.weingut-isler.de\/wp-content\/uploads\/2026\/09\/13-1536x2048.jpg 1536w, https:\/\/www.weingut-isler.de\/wp-content\/uploads\/2026\/09\/13.jpg 1920w\" sizes=\"(max-width: 768px) 100vw, 768px\" \/>\t\t\t\t\t\t\t\t\t\t\t\t\t\t\t<\/div>\n\t\t\t\t<\/div>\n\t\t\t\t\t<\/div>\n\t\t<\/div>\n\t\t\t\t<div class=\"elementor-column elementor-col-66 elementor-top-column elementor-element elementor-element-c472482\" data-id=\"c472482\" data-element_type=\"column\" data-e-type=\"column\">\n\t\t\t<div class=\"elementor-widget-wrap elementor-element-populated\">\n\t\t\t\t\t\t<div class=\"elementor-element elementor-element-febac3d elementor-widget__width-initial elementor-widget elementor-widget-text-editor\" data-id=\"febac3d\" data-element_type=\"widget\" data-e-type=\"widget\" data-widget_type=\"text-editor.default\">\n\t\t\t\t<div class=\"elementor-widget-container\">\n\t\t\t\t\t\t\t\t\t<p>Ein eleganter und zug\u00e4nglicher Wei\u00dfburgunder, der mit 12,0 % vol. Alkohol, 5,7 g\/l S\u00e4ure und 7,0 g\/l Rests\u00fc\u00dfe eine besonders harmonische Balance zwischen Frische und geschmeidiger Frucht zeigt.<\/p><p>Der Ausbau im Edelstahltank bewahrt die klare, sortentypische Aromatik und verleiht dem Wein einen frischen, modernen Charakter.<\/p><p>In der Nase und am Gaumen stehen saftige Aromen von gelbem Apfel, Birne und zarten Zitrusfr\u00fcchten im Vordergrund.<\/p><p>Ein vielseitiger Allrounder mit hohem Trinkfluss \u2013 ideal f\u00fcr die Terrasse, gesellige Abende oder als unkomplizierter Essensbegleiter.<br \/><span style=\"color: var( --e-global-color-text ); font-family: var( --e-global-typography-text-font-family ), Sans-serif;\"><br \/><b style=\"font-weight: var( --e-global-typography-text-font-weight );\"><b>Alkoholgehalt (% Vol.):<\/b><\/b><\/span> <span style=\"color: var( --e-global-color-text ); font-family: var( --e-global-typography-text-font-family ), Sans-serif;\"><span style=\"font-weight: var( --e-global-typography-text-font-weight );\">12,0<\/span><br \/><\/span><b style=\"color: var( --e-global-color-text ); font-family: var( --e-global-typography-text-font-family ), Sans-serif;\">Rests\u00fc\u00dfe in (g\/l):<\/b><span style=\"color: var( --e-global-color-text ); font-family: var( --e-global-typography-text-font-family ), Sans-serif;\"><span style=\"font-weight: var( --e-global-typography-text-font-weight );\">\u00a05,7<\/span><\/span><span style=\"color: var( --e-global-color-text ); font-family: var( --e-global-typography-text-font-family ), Sans-serif; font-weight: var( --e-global-typography-text-font-weight );\"><b>S\u00e4ure (g\/l):<\/b><\/span><span style=\"color: var( --e-global-color-text ); font-family: var( --e-global-typography-text-font-family ), Sans-serif;\"><span style=\"font-weight: var( --e-global-typography-text-font-weight );\">\u00a07,0<\/span><br \/><\/span><span style=\"color: var( --e-global-color-text ); font-family: var( --e-global-typography-text-font-family ), Sans-serif; font-weight: var( --e-global-typography-text-font-weight );\"><b>Jahrgang:<\/b><\/span> <span style=\"color: var( --e-global-color-text ); font-family: var( --e-global-typography-text-font-family ), Sans-serif; font-weight: var( --e-global-typography-text-font-weight );\">2025<br \/><\/span><b>Speiseempfehlungen:<\/b>\u00a0ideal zu Fisch und Meeresfr\u00fcchten, Gefl\u00fcgel, Pasta- und Gem\u00fcsegerichten sowie zu milden K\u00e4sesorten<span style=\"color: var( --e-global-color-text ); font-family: var( --e-global-typography-text-font-family ), Sans-serif; font-weight: var( --e-global-typography-text-font-weight );\"><br \/><\/span><b style=\"color: var( --e-global-color-text ); font-family: var( --e-global-typography-text-font-family ), Sans-serif;\">Trinktemperatur (\u00b0C):<\/b><span style=\"color: var( --e-global-color-text ); font-family: var( --e-global-typography-text-font-family ), Sans-serif; font-weight: var( --e-global-typography-text-font-weight );\">\u00a08 -10\u00a0<\/span><\/p>\t\t\t\t\t\t\t\t<\/div>\n\t\t\t\t<\/div>\n\t\t\t\t\t<\/div>\n\t\t<\/div>\n\t\t\t\t\t<\/div>\n\t\t<\/section>\n\t\t\t\t<\/div>\n\t\t","protected":false},"excerpt":{"rendered":"<p>Ein eleganter und zug\u00e4nglicher Wei\u00dfburgunder, der mit 12,0 % vol. Alkohol, 5,7 g\/l S\u00e4ure und 7,0 g\/l Rests\u00fc\u00dfe eine besonders harmonische Balance zwischen Frische und geschmeidiger Frucht zeigt. Der Ausbau im Edelstahltank bewahrt die klare, sortentypische Aromatik und verleiht dem Wein einen frischen, modernen Charakter. In der Nase und am Gaumen stehen saftige Aromen von [&hellip;]<\/p>\n","protected":false},"author":4,"featured_media":13243,"comment_status":"open","ping_status":"open","sticky":false,"template":"","format":"standard","meta":{"footnotes":""},"categories":[5],"tags":[],"class_list":["post-13242","post","type-post","status-publish","format-standard","has-post-thumbnail","hentry","category-wein-des-monats"],"_links":{"self":[{"href":"https:\/\/www.weingut-isler.de\/index.php?rest_route=\/wp\/v2\/posts\/13242","targetHints":{"allow":["GET"]}}],"collection":[{"href":"https:\/\/www.weingut-isler.de\/index.php?rest_route=\/wp\/v2\/posts"}],"about":[{"href":"https:\/\/www.weingut-isler.de\/index.php?rest_route=\/wp\/v2\/types\/post"}],"author":[{"embeddable":true,"href":"https:\/\/www.weingut-isler.de\/index.php?rest_route=\/wp\/v2\/users\/4"}],"replies":[{"embeddable":true,"href":"https:\/\/www.weingut-isler.de\/index.php?rest_route=%2Fwp%2Fv2%2Fcomments&post=13242"}],"version-history":[{"count":8,"href":"https:\/\/www.weingut-isler.de\/index.php?rest_route=\/wp\/v2\/posts\/13242\/revisions"}],"predecessor-version":[{"id":13251,"href":"https:\/\/www.weingut-isler.de\/index.php?rest_route=\/wp\/v2\/posts\/13242\/revisions\/13251"}],"wp:featuredmedia":[{"embeddable":true,"href":"https:\/\/www.weingut-isler.de\/index.php?rest_route=\/wp\/v2\/media\/13243"}],"wp:attachment":[{"href":"https:\/\/www.weingut-isler.de\/index.php?rest_route=%2Fwp%2Fv2%2Fmedia&parent=13242"}],"wp:term":[{"taxonomy":"category","embeddable":true,"href":"https:\/\/www.weingut-isler.de\/index.php?rest_route=%2Fwp%2Fv2%2Fcategories&post=13242"},{"taxonomy":"post_tag","embeddable":true,"href":"https:\/\/www.weingut-isler.de\/index.php?rest_route=%2Fwp%2Fv2%2Ftags&post=13242"}],"curies":[{"name":"wp","href":"https:\/\/api.w.org\/{rel}","templated":true}]}}